{"id":119,"date":"2022-05-21T10:15:23","date_gmt":"2022-05-21T10:15:23","guid":{"rendered":"https:\/\/riad-albatoul.com\/index.php\/2022\/05\/21\/cocktail-party-for-all-guests-this-saturday\/"},"modified":"2023-05-02T15:12:11","modified_gmt":"2023-05-02T13:12:11","slug":"evenements-a-marrakech","status":"publish","type":"post","link":"https:\/\/riad-albatoul.com\/fr\/evenements-a-marrakech\/","title":{"rendered":"Les \u00e9v\u00e9nements de Marrakech"},"content":{"rendered":"<section class=\"wpb-content-wrapper\"><p>[vc_row][vc_column]<h3 class=\"sohohotel-title-25px sohohotel-clearfix sohohotel-title-center\">Ev\u00e9nements \u00e0 Marrakech : Trouvez tout ce qui se passe \u00e0 Marrakech<\/h3>[vc_column_text]Si vous \u00eates \u00e0 la recherche d&#8217;une destination vivante avec une culture, du divertissement et un programme d&#8217;\u00e9v\u00e9nements non-stop, alors Marrakech devrait figurer en t\u00eate de votre liste. Marrakech, souvent appel\u00e9e la &#8220;Ville rouge&#8221;, est situ\u00e9e au c\u0153ur du Maroc et poss\u00e8de une riche histoire, une architecture \u00e9poustouflante et une sc\u00e8ne culturelle vibrante.<\/p>\n<p>\u00c0 Marrakech, il n&#8217;y a jamais de moment ennuyeux. La ville est constamment en effervescence et il y a toujours quelque chose de nouveau et d&#8217;excitant \u00e0 d\u00e9couvrir. Des festivals traditionnels et des \u00e9v\u00e9nements culturels aux concerts de musique moderne et aux expositions d&#8217;art, il y a un \u00e9v\u00e9nement pour chacun \u00e0 appr\u00e9cier. Dans cet article, nous vous donnerons un aper\u00e7u des principaux \u00e9v\u00e9nements de Marrakech auxquels vous devriez pr\u00eater attention, ainsi que des conseils utiles et des recommandations pour vous aider \u00e0 profiter au maximum de votre temps dans la ville.<\/p>\n<p>\u00c9v\u00e9nements de Marrakech : Quoi de neuf ? Voici quelques-uns des \u00e9v\u00e9nements et festivals les plus importants qui se d\u00e9roulent \u00e0 Marrakech tout au long de l&#8217;ann\u00e9e :[\/vc_column_text][\/vc_column][\/vc_row][vc_row][vc_column]<h3 class=\"sohohotel-title-20px sohohotel-clearfix sohohotel-title-left\">Festival International du Film de Marrakech<\/h3>[vc_column_text]Le Festival International du Film de Marrakech est l&#8217;un des \u00e9v\u00e9nements culturels les plus importants du Maroc, attirant des cin\u00e9astes et des cin\u00e9philes du monde entier. Le festival a lieu chaque ann\u00e9e en d\u00e9cembre et pr\u00e9sente une gamme diversifi\u00e9e de films, des productions locales aux blockbusters internationaux.[\/vc_column_text]<h3 class=\"sohohotel-title-20px sohohotel-clearfix sohohotel-title-left\">Biennale de Marrakech<\/h3>[vc_column_text]La Biennale de Marrakech est un festival d&#8217;art contemporain qui a lieu tous les deux ans dans la ville. Elle propose une grande vari\u00e9t\u00e9 d&#8217;expositions d&#8217;art contemporain, de performances et d&#8217;installations, et attire des artistes et des passionn\u00e9s d&#8217;art du monde entier. Le festival a contribu\u00e9 \u00e0 faire de Marrakech un centre de l&#8217;art contemporain en Afrique.[\/vc_column_text]<h3 class=\"sohohotel-title-20px sohohotel-clearfix sohohotel-title-left\">Marathon International de Marrakech<\/h3>[vc_column_text]Le Marathon International de Marrakech est l&#8217;un des \u00e9v\u00e9nements sportifs les plus populaires de la ville, attirant des milliers de coureurs du monde entier. La course a lieu chaque ann\u00e9e en janvier et offre aux participants la chance de courir \u00e0 travers certains des quartiers et des sites les plus beaux de la ville.[\/vc_column_text]<h3 class=\"sohohotel-title-20px sohohotel-clearfix sohohotel-title-left\">Festival de Fantasia<\/h3>[vc_column_text]Le Festival de Fantasia est une c\u00e9l\u00e9bration de la culture \u00e9questre marocaine et a lieu chaque ann\u00e9e en mars. Le festival propose des spectacles de chevaux, de la musique traditionnelle et des feux d&#8217;artifice, et est un \u00e9v\u00e9nement populaire pour les familles.[\/vc_column_text]<h3 class=\"sohohotel-title-20px sohohotel-clearfix sohohotel-title-left\">Festival d'Art de Rue de Marrakech<\/h3>[vc_column_text]Le Festival d&#8217;Art de Rue de Marrakech est une nouveaut\u00e9 sur le calendrier culturel de la ville, mais il devient rapidement l&#8217;un des plus populaires. Le festival r\u00e9unit des artistes de rue du monde entier pour cr\u00e9er des fresques \u00e0 grande \u00e9chelle et d&#8217;autres \u0153uvres d&#8217;art dans des espaces publics de la ville.[\/vc_column_text][\/vc_column][\/vc_row]<\/p>\n<\/section>","protected":false},"excerpt":{"rendered":"<p>[vc_row][vc_column][vc_column_text]Si vous \u00eates \u00e0 la recherche d&#8217;une destination vivante avec une culture, du divertissement et un programme d&#8217;\u00e9v\u00e9nements non-stop, alors Marrakech devrait figurer en t\u00eate de votre liste. Marrakech, souvent appel\u00e9e la &#8220;Ville rouge&#8221;, est situ\u00e9e au c\u0153ur du Maroc et poss\u00e8de une riche histoire, une architecture \u00e9poustouflante et une sc\u00e8ne culturelle vibrante. \u00c0 Marrakech,<\/p>\n<a href=\"https:\/\/riad-albatoul.com\/fr\/evenements-a-marrakech\/\" class=\"sohohotel-more-link\">Read More<\/a>","protected":false},"author":1,"featured_media":610,"comment_status":"closed","ping_status":"closed","sticky":false,"template":"","format":"standard","meta":{"footnotes":""},"categories":[17],"tags":[],"class_list":["post-119","post","type-post","status-publish","format-standard","has-post-thumbnail","hentry","category-evenements-marrakech"],"yoast_head":"<!-- This site is optimized with the Yoast SEO plugin v27.4 - https:\/\/yoast.com\/product\/yoast-seo-wordpress\/ -->\n<title>Les \u00e9v\u00e9nements de Marrakech | Riad Albatoul Marrakech<\/title>\n<meta name=\"description\" content=\"D\u00e9couvrez les meilleurs \u00e9v\u00e9nements et festivals - des c\u00e9l\u00e9brations traditionnelles aux concerts modernes et aux expositions d&#039;art.\" \/>\n<meta name=\"robots\" content=\"index, follow, max-snippet:-1, max-image-preview:large, max-video-preview:-1\" \/>\n<link rel=\"canonical\" href=\"https:\/\/riad-albatoul.com\/fr\/evenements-a-marrakech\/\" \/>\n<meta property=\"og:locale\" content=\"fr_FR\" \/>\n<meta property=\"og:type\" content=\"article\" \/>\n<meta property=\"og:title\" content=\"Les \u00e9v\u00e9nements de Marrakech | Riad Albatoul Marrakech\" \/>\n<meta property=\"og:description\" content=\"D\u00e9couvrez les meilleurs \u00e9v\u00e9nements et festivals - des c\u00e9l\u00e9brations traditionnelles aux concerts modernes et aux expositions d&#039;art.\" \/>\n<meta property=\"og:url\" content=\"https:\/\/riad-albatoul.com\/fr\/evenements-a-marrakech\/\" \/>\n<meta property=\"og:site_name\" content=\"Riad Albatoul Marrakech\" \/>\n<meta property=\"article:published_time\" content=\"2022-05-21T10:15:23+00:00\" \/>\n<meta property=\"article:modified_time\" content=\"2023-05-02T13:12:11+00:00\" \/>\n<meta property=\"og:image\" content=\"https:\/\/riad-albatoul.com\/fr\/wp-content\/uploads\/sites\/5\/2022\/05\/riad-albatoul-marrakech.jpg\" \/>\n\t<meta property=\"og:image:width\" content=\"1024\" \/>\n\t<meta property=\"og:image:height\" content=\"683\" \/>\n\t<meta property=\"og:image:type\" content=\"image\/jpeg\" \/>\n<meta name=\"author\" content=\"Hassane Assou\" \/>\n<meta name=\"twitter:card\" content=\"summary_large_image\" \/>\n<meta name=\"twitter:label1\" content=\"\u00c9crit par\" \/>\n\t<meta name=\"twitter:data1\" content=\"Hassane Assou\" \/>\n\t<meta name=\"twitter:label2\" content=\"Dur\u00e9e de lecture estim\u00e9e\" \/>\n\t<meta name=\"twitter:data2\" content=\"3 minutes\" \/>\n<script type=\"application\/ld+json\" class=\"yoast-schema-graph\">{\"@context\":\"https:\\\/\\\/schema.org\",\"@graph\":[{\"@type\":\"Article\",\"@id\":\"https:\\\/\\\/riad-albatoul.com\\\/fr\\\/evenements-a-marrakech\\\/#article\",\"isPartOf\":{\"@id\":\"https:\\\/\\\/riad-albatoul.com\\\/fr\\\/evenements-a-marrakech\\\/\"},\"author\":{\"name\":\"Hassane Assou\",\"@id\":\"https:\\\/\\\/riad-albatoul.com\\\/fr\\\/#\\\/schema\\\/person\\\/0ebfae46e6f1d8bb4be8d141bc498d7c\"},\"headline\":\"Les \u00e9v\u00e9nements de Marrakech\",\"datePublished\":\"2022-05-21T10:15:23+00:00\",\"dateModified\":\"2023-05-02T13:12:11+00:00\",\"mainEntityOfPage\":{\"@id\":\"https:\\\/\\\/riad-albatoul.com\\\/fr\\\/evenements-a-marrakech\\\/\"},\"wordCount\":580,\"publisher\":{\"@id\":\"https:\\\/\\\/riad-albatoul.com\\\/fr\\\/#organization\"},\"image\":{\"@id\":\"https:\\\/\\\/riad-albatoul.com\\\/fr\\\/evenements-a-marrakech\\\/#primaryimage\"},\"thumbnailUrl\":\"https:\\\/\\\/riad-albatoul.com\\\/fr\\\/wp-content\\\/uploads\\\/sites\\\/5\\\/2022\\\/05\\\/riad-albatoul-marrakech.jpg\",\"articleSection\":[\"Ev\u00e9nements \u00e0 Marrakech\"],\"inLanguage\":\"fr-FR\"},{\"@type\":\"WebPage\",\"@id\":\"https:\\\/\\\/riad-albatoul.com\\\/fr\\\/evenements-a-marrakech\\\/\",\"url\":\"https:\\\/\\\/riad-albatoul.com\\\/fr\\\/evenements-a-marrakech\\\/\",\"name\":\"Les \u00e9v\u00e9nements de Marrakech | Riad Albatoul Marrakech\",\"isPartOf\":{\"@id\":\"https:\\\/\\\/riad-albatoul.com\\\/fr\\\/#website\"},\"primaryImageOfPage\":{\"@id\":\"https:\\\/\\\/riad-albatoul.com\\\/fr\\\/evenements-a-marrakech\\\/#primaryimage\"},\"image\":{\"@id\":\"https:\\\/\\\/riad-albatoul.com\\\/fr\\\/evenements-a-marrakech\\\/#primaryimage\"},\"thumbnailUrl\":\"https:\\\/\\\/riad-albatoul.com\\\/fr\\\/wp-content\\\/uploads\\\/sites\\\/5\\\/2022\\\/05\\\/riad-albatoul-marrakech.jpg\",\"datePublished\":\"2022-05-21T10:15:23+00:00\",\"dateModified\":\"2023-05-02T13:12:11+00:00\",\"description\":\"D\u00e9couvrez les meilleurs \u00e9v\u00e9nements et festivals - des c\u00e9l\u00e9brations traditionnelles aux concerts modernes et aux expositions d'art.\",\"breadcrumb\":{\"@id\":\"https:\\\/\\\/riad-albatoul.com\\\/fr\\\/evenements-a-marrakech\\\/#breadcrumb\"},\"inLanguage\":\"fr-FR\",\"potentialAction\":[{\"@type\":\"ReadAction\",\"target\":[\"https:\\\/\\\/riad-albatoul.com\\\/fr\\\/evenements-a-marrakech\\\/\"]}]},{\"@type\":\"ImageObject\",\"inLanguage\":\"fr-FR\",\"@id\":\"https:\\\/\\\/riad-albatoul.com\\\/fr\\\/evenements-a-marrakech\\\/#primaryimage\",\"url\":\"https:\\\/\\\/riad-albatoul.com\\\/fr\\\/wp-content\\\/uploads\\\/sites\\\/5\\\/2022\\\/05\\\/riad-albatoul-marrakech.jpg\",\"contentUrl\":\"https:\\\/\\\/riad-albatoul.com\\\/fr\\\/wp-content\\\/uploads\\\/sites\\\/5\\\/2022\\\/05\\\/riad-albatoul-marrakech.jpg\",\"width\":1024,\"height\":683,\"caption\":\"Excursions Marrakech Maroc\"},{\"@type\":\"BreadcrumbList\",\"@id\":\"https:\\\/\\\/riad-albatoul.com\\\/fr\\\/evenements-a-marrakech\\\/#breadcrumb\",\"itemListElement\":[{\"@type\":\"ListItem\",\"position\":1,\"name\":\"Home\",\"item\":\"https:\\\/\\\/riad-albatoul.com\\\/fr\\\/\"},{\"@type\":\"ListItem\",\"position\":2,\"name\":\"Les \u00e9v\u00e9nements de Marrakech\"}]},{\"@type\":\"WebSite\",\"@id\":\"https:\\\/\\\/riad-albatoul.com\\\/fr\\\/#website\",\"url\":\"https:\\\/\\\/riad-albatoul.com\\\/fr\\\/\",\"name\":\"Riad Albatoul Marrakech\",\"description\":\"Un Riad traditionnel, \u00e0 quelques minutes de la c\u00e9l\u00e8bre place Jemma al Fnaa.\",\"publisher\":{\"@id\":\"https:\\\/\\\/riad-albatoul.com\\\/fr\\\/#organization\"},\"potentialAction\":[{\"@type\":\"SearchAction\",\"target\":{\"@type\":\"EntryPoint\",\"urlTemplate\":\"https:\\\/\\\/riad-albatoul.com\\\/fr\\\/?s={search_term_string}\"},\"query-input\":{\"@type\":\"PropertyValueSpecification\",\"valueRequired\":true,\"valueName\":\"search_term_string\"}}],\"inLanguage\":\"fr-FR\"},{\"@type\":\"Organization\",\"@id\":\"https:\\\/\\\/riad-albatoul.com\\\/fr\\\/#organization\",\"name\":\"Riad Albatoul Marrakech\",\"url\":\"https:\\\/\\\/riad-albatoul.com\\\/fr\\\/\",\"logo\":{\"@type\":\"ImageObject\",\"inLanguage\":\"fr-FR\",\"@id\":\"https:\\\/\\\/riad-albatoul.com\\\/fr\\\/#\\\/schema\\\/logo\\\/image\\\/\",\"url\":\"https:\\\/\\\/riad-albatoul.com\\\/fr\\\/wp-content\\\/uploads\\\/sites\\\/5\\\/2022\\\/05\\\/riad-albatoul-logo.png\",\"contentUrl\":\"https:\\\/\\\/riad-albatoul.com\\\/fr\\\/wp-content\\\/uploads\\\/sites\\\/5\\\/2022\\\/05\\\/riad-albatoul-logo.png\",\"width\":220,\"height\":68,\"caption\":\"Riad Albatoul Marrakech\"},\"image\":{\"@id\":\"https:\\\/\\\/riad-albatoul.com\\\/fr\\\/#\\\/schema\\\/logo\\\/image\\\/\"}},{\"@type\":\"Person\",\"@id\":\"https:\\\/\\\/riad-albatoul.com\\\/fr\\\/#\\\/schema\\\/person\\\/0ebfae46e6f1d8bb4be8d141bc498d7c\",\"name\":\"Hassane Assou\",\"image\":{\"@type\":\"ImageObject\",\"inLanguage\":\"fr-FR\",\"@id\":\"https:\\\/\\\/secure.gravatar.com\\\/avatar\\\/cdc060a4a059ae108644f2fba8eece79d91ee97c0cd2d3a8bee98cce1827ce6a?s=96&d=mm&r=g\",\"url\":\"https:\\\/\\\/secure.gravatar.com\\\/avatar\\\/cdc060a4a059ae108644f2fba8eece79d91ee97c0cd2d3a8bee98cce1827ce6a?s=96&d=mm&r=g\",\"contentUrl\":\"https:\\\/\\\/secure.gravatar.com\\\/avatar\\\/cdc060a4a059ae108644f2fba8eece79d91ee97c0cd2d3a8bee98cce1827ce6a?s=96&d=mm&r=g\",\"caption\":\"Hassane Assou\"},\"sameAs\":[\"https:\\\/\\\/riad-albatoul.com\"]}]}<\/script>\n<!-- \/ Yoast SEO plugin. -->","yoast_head_json":{"title":"Les \u00e9v\u00e9nements de Marrakech | Riad Albatoul Marrakech","description":"D\u00e9couvrez les meilleurs \u00e9v\u00e9nements et festivals - des c\u00e9l\u00e9brations traditionnelles aux concerts modernes et aux expositions d'art.","robots":{"index":"index","follow":"follow","max-snippet":"max-snippet:-1","max-image-preview":"max-image-preview:large","max-video-preview":"max-video-preview:-1"},"canonical":"https:\/\/riad-albatoul.com\/fr\/evenements-a-marrakech\/","og_locale":"fr_FR","og_type":"article","og_title":"Les \u00e9v\u00e9nements de Marrakech | Riad Albatoul Marrakech","og_description":"D\u00e9couvrez les meilleurs \u00e9v\u00e9nements et festivals - des c\u00e9l\u00e9brations traditionnelles aux concerts modernes et aux expositions d'art.","og_url":"https:\/\/riad-albatoul.com\/fr\/evenements-a-marrakech\/","og_site_name":"Riad Albatoul Marrakech","article_published_time":"2022-05-21T10:15:23+00:00","article_modified_time":"2023-05-02T13:12:11+00:00","og_image":[{"width":1024,"height":683,"url":"https:\/\/riad-albatoul.com\/fr\/wp-content\/uploads\/sites\/5\/2022\/05\/riad-albatoul-marrakech.jpg","type":"image\/jpeg"}],"author":"Hassane Assou","twitter_card":"summary_large_image","twitter_misc":{"\u00c9crit par":"Hassane Assou","Dur\u00e9e de lecture estim\u00e9e":"3 minutes"},"schema":{"@context":"https:\/\/schema.org","@graph":[{"@type":"Article","@id":"https:\/\/riad-albatoul.com\/fr\/evenements-a-marrakech\/#article","isPartOf":{"@id":"https:\/\/riad-albatoul.com\/fr\/evenements-a-marrakech\/"},"author":{"name":"Hassane Assou","@id":"https:\/\/riad-albatoul.com\/fr\/#\/schema\/person\/0ebfae46e6f1d8bb4be8d141bc498d7c"},"headline":"Les \u00e9v\u00e9nements de Marrakech","datePublished":"2022-05-21T10:15:23+00:00","dateModified":"2023-05-02T13:12:11+00:00","mainEntityOfPage":{"@id":"https:\/\/riad-albatoul.com\/fr\/evenements-a-marrakech\/"},"wordCount":580,"publisher":{"@id":"https:\/\/riad-albatoul.com\/fr\/#organization"},"image":{"@id":"https:\/\/riad-albatoul.com\/fr\/evenements-a-marrakech\/#primaryimage"},"thumbnailUrl":"https:\/\/riad-albatoul.com\/fr\/wp-content\/uploads\/sites\/5\/2022\/05\/riad-albatoul-marrakech.jpg","articleSection":["Ev\u00e9nements \u00e0 Marrakech"],"inLanguage":"fr-FR"},{"@type":"WebPage","@id":"https:\/\/riad-albatoul.com\/fr\/evenements-a-marrakech\/","url":"https:\/\/riad-albatoul.com\/fr\/evenements-a-marrakech\/","name":"Les \u00e9v\u00e9nements de Marrakech | Riad Albatoul Marrakech","isPartOf":{"@id":"https:\/\/riad-albatoul.com\/fr\/#website"},"primaryImageOfPage":{"@id":"https:\/\/riad-albatoul.com\/fr\/evenements-a-marrakech\/#primaryimage"},"image":{"@id":"https:\/\/riad-albatoul.com\/fr\/evenements-a-marrakech\/#primaryimage"},"thumbnailUrl":"https:\/\/riad-albatoul.com\/fr\/wp-content\/uploads\/sites\/5\/2022\/05\/riad-albatoul-marrakech.jpg","datePublished":"2022-05-21T10:15:23+00:00","dateModified":"2023-05-02T13:12:11+00:00","description":"D\u00e9couvrez les meilleurs \u00e9v\u00e9nements et festivals - des c\u00e9l\u00e9brations traditionnelles aux concerts modernes et aux expositions d'art.","breadcrumb":{"@id":"https:\/\/riad-albatoul.com\/fr\/evenements-a-marrakech\/#breadcrumb"},"inLanguage":"fr-FR","potentialAction":[{"@type":"ReadAction","target":["https:\/\/riad-albatoul.com\/fr\/evenements-a-marrakech\/"]}]},{"@type":"ImageObject","inLanguage":"fr-FR","@id":"https:\/\/riad-albatoul.com\/fr\/evenements-a-marrakech\/#primaryimage","url":"https:\/\/riad-albatoul.com\/fr\/wp-content\/uploads\/sites\/5\/2022\/05\/riad-albatoul-marrakech.jpg","contentUrl":"https:\/\/riad-albatoul.com\/fr\/wp-content\/uploads\/sites\/5\/2022\/05\/riad-albatoul-marrakech.jpg","width":1024,"height":683,"caption":"Excursions Marrakech Maroc"},{"@type":"BreadcrumbList","@id":"https:\/\/riad-albatoul.com\/fr\/evenements-a-marrakech\/#breadcrumb","itemListElement":[{"@type":"ListItem","position":1,"name":"Home","item":"https:\/\/riad-albatoul.com\/fr\/"},{"@type":"ListItem","position":2,"name":"Les \u00e9v\u00e9nements de Marrakech"}]},{"@type":"WebSite","@id":"https:\/\/riad-albatoul.com\/fr\/#website","url":"https:\/\/riad-albatoul.com\/fr\/","name":"Riad Albatoul Marrakech","description":"Un Riad traditionnel, \u00e0 quelques minutes de la c\u00e9l\u00e8bre place Jemma al Fnaa.","publisher":{"@id":"https:\/\/riad-albatoul.com\/fr\/#organization"},"potentialAction":[{"@type":"SearchAction","target":{"@type":"EntryPoint","urlTemplate":"https:\/\/riad-albatoul.com\/fr\/?s={search_term_string}"},"query-input":{"@type":"PropertyValueSpecification","valueRequired":true,"valueName":"search_term_string"}}],"inLanguage":"fr-FR"},{"@type":"Organization","@id":"https:\/\/riad-albatoul.com\/fr\/#organization","name":"Riad Albatoul Marrakech","url":"https:\/\/riad-albatoul.com\/fr\/","logo":{"@type":"ImageObject","inLanguage":"fr-FR","@id":"https:\/\/riad-albatoul.com\/fr\/#\/schema\/logo\/image\/","url":"https:\/\/riad-albatoul.com\/fr\/wp-content\/uploads\/sites\/5\/2022\/05\/riad-albatoul-logo.png","contentUrl":"https:\/\/riad-albatoul.com\/fr\/wp-content\/uploads\/sites\/5\/2022\/05\/riad-albatoul-logo.png","width":220,"height":68,"caption":"Riad Albatoul Marrakech"},"image":{"@id":"https:\/\/riad-albatoul.com\/fr\/#\/schema\/logo\/image\/"}},{"@type":"Person","@id":"https:\/\/riad-albatoul.com\/fr\/#\/schema\/person\/0ebfae46e6f1d8bb4be8d141bc498d7c","name":"Hassane Assou","image":{"@type":"ImageObject","inLanguage":"fr-FR","@id":"https:\/\/secure.gravatar.com\/avatar\/cdc060a4a059ae108644f2fba8eece79d91ee97c0cd2d3a8bee98cce1827ce6a?s=96&d=mm&r=g","url":"https:\/\/secure.gravatar.com\/avatar\/cdc060a4a059ae108644f2fba8eece79d91ee97c0cd2d3a8bee98cce1827ce6a?s=96&d=mm&r=g","contentUrl":"https:\/\/secure.gravatar.com\/avatar\/cdc060a4a059ae108644f2fba8eece79d91ee97c0cd2d3a8bee98cce1827ce6a?s=96&d=mm&r=g","caption":"Hassane Assou"},"sameAs":["https:\/\/riad-albatoul.com"]}]}},"_links":{"self":[{"href":"https:\/\/riad-albatoul.com\/fr\/wp-json\/wp\/v2\/posts\/119","targetHints":{"allow":["GET"]}}],"collection":[{"href":"https:\/\/riad-albatoul.com\/fr\/wp-json\/wp\/v2\/posts"}],"about":[{"href":"https:\/\/riad-albatoul.com\/fr\/wp-json\/wp\/v2\/types\/post"}],"author":[{"embeddable":true,"href":"https:\/\/riad-albatoul.com\/fr\/wp-json\/wp\/v2\/users\/1"}],"replies":[{"embeddable":true,"href":"https:\/\/riad-albatoul.com\/fr\/wp-json\/wp\/v2\/comments?post=119"}],"version-history":[{"count":4,"href":"https:\/\/riad-albatoul.com\/fr\/wp-json\/wp\/v2\/posts\/119\/revisions"}],"predecessor-version":[{"id":772,"href":"https:\/\/riad-albatoul.com\/fr\/wp-json\/wp\/v2\/posts\/119\/revisions\/772"}],"wp:featuredmedia":[{"embeddable":true,"href":"https:\/\/riad-albatoul.com\/fr\/wp-json\/wp\/v2\/media\/610"}],"wp:attachment":[{"href":"https:\/\/riad-albatoul.com\/fr\/wp-json\/wp\/v2\/media?parent=119"}],"wp:term":[{"taxonomy":"category","embeddable":true,"href":"https:\/\/riad-albatoul.com\/fr\/wp-json\/wp\/v2\/categories?post=119"},{"taxonomy":"post_tag","embeddable":true,"href":"https:\/\/riad-albatoul.com\/fr\/wp-json\/wp\/v2\/tags?post=119"}],"curies":[{"name":"wp","href":"https:\/\/api.w.org\/{rel}","templated":true}]}}